{"id":6826,"date":"2026-02-23T15:57:39","date_gmt":"2026-02-23T14:57:39","guid":{"rendered":"https:\/\/bdstim.com\/site\/?p=6826"},"modified":"2026-02-23T16:09:10","modified_gmt":"2026-02-23T15:09:10","slug":"evenementiel-durable-tendance-2026","status":"publish","type":"post","link":"https:\/\/bdstim.com\/site\/articles-de-notre-blog\/evenementiel-durable-tendance-2026\/","title":{"rendered":"\ud83c\udf31 L&rsquo;\u00e9v\u00e8nementiel durable en 2026 : une tendance devenue incontournable pour les organisateurs"},"content":{"rendered":"\n<p class=\"has-medium-font-size\">D\u00e9couvrez pourquoi l&rsquo;\u00e9v\u00e8nementiel durable s&rsquo;impose en 2026, quelles tendances \u00e9mergent et comment organiser des \u00e9v\u00e8nements \u00e9co-responsables efficaces. <\/p>\n\n\n\n<h2 class=\"wp-block-heading has-large-font-size\"><strong>L&rsquo;\u00e9v\u00e8nementiel face \u00e0 une transformation durable<\/strong><\/h2>\n\n\n\n<p style=\"font-size:clamp(14px, 0.875rem + ((1vw - 3.2px) * 0.313), 18px);\">Depuis plusieurs ann\u00e9es, la transition \u00e9cologique s&rsquo;impose comme un jeu majeur pour le secteur de l&rsquo;\u00e9v\u00e8nementiel. En 2026, organiser un \u00e9v\u00e8nement ne se limite plus \u00e0 cr\u00e9er une exp\u00e9rience m\u00e9morable : il s&rsquo;agit aussi de r\u00e9duire son impact environnemental et de r\u00e9pondre aux attentes croissantes des clients, partenaires et participants. <\/p>\n\n\n\n<p style=\"font-size:clamp(14px, 0.875rem + ((1vw - 3.2px) * 0.313), 18px);\">Selon l&rsquo;ADME (Agence de la transition \u00e9cologique), les \u00e9v\u00e8nements peuvent g\u00e9n\u00e9rer des volumes importants d&rsquo;\u00e9missions de gaz \u00e0 effet de serre, notamment via les transports, la restauration et la production de d\u00e9chets. Face \u00e0 ce constat, les organisateurs int\u00e8grent d\u00e9sormais des strat\u00e9gies de conception plus responsables.<\/p>\n\n\n\n<h2 class=\"wp-block-heading has-large-font-size\"><strong>Pourquoi l&rsquo;\u00e9v\u00e8nementiel durable devient la norme<\/strong><\/h2>\n\n\n\n<h3 class=\"wp-block-heading has-medium-font-size\"><strong>Une demande croissante<\/strong> <strong>des entreprises et du public<\/strong><\/h3>\n\n\n\n<p style=\"font-size:clamp(14px, 0.875rem + ((1vw - 3.2px) * 0.313), 18px);\">Les entreprises int\u00e8grent de plus en plus des crit\u00e8res RSE dans leurs appels d&rsquo;offres. Les participants eux-m\u00eames sont attentifs \u00e0 l&rsquo;impact environnemental des \u00e9v\u00e8nements auxquels ils assistent, ce qui pousse les agences \u00e0 repenser leurs pratiques. <\/p>\n\n\n\n<h3 class=\"wp-block-heading has-medium-font-size\"><strong>Un levier d&rsquo;image et de diff\u00e9renciation <\/strong><\/h3>\n\n\n\n<p style=\"font-size:clamp(14px, 0.875rem + ((1vw - 3.2px) * 0.313), 18px);\">Adopter une d\u00e9marche \u00e9co-responsable permet de renforcer la cr\u00e9dibilit\u00e9 d&rsquo;une marque et de se d\u00e9marquer dans un march\u00e9 concurrentiel. Les \u00e9v\u00e8nements durables deviennent un v\u00e9ritable argument strat\u00e9gique. <\/p>\n\n\n\n<h2 class=\"wp-block-heading has-medium-font-size\"><strong>Les grandes tendances \u00e9co-responsables dans l&rsquo;\u00e9v\u00e8nementiel en 2026<\/strong><\/h2>\n\n\n\n<h3 class=\"wp-block-heading\" style=\"font-size:clamp(14px, 0.875rem + ((1vw - 3.2px) * 0.313), 18px);\"><strong>\ud83c\udf0d R\u00e9duction de l&#8217;empreinte carbone<\/strong><\/h3>\n\n\n\n<p style=\"font-size:clamp(14px, 0.875rem + ((1vw - 3.2px) * 0.313), 18px);\">Les organisateurs privil\u00e9gient d\u00e9sormais : <\/p>\n\n\n\n<ul class=\"wp-block-list\">\n<li style=\"font-size:clamp(14px, 0.875rem + ((1vw - 3.2px) * 0.313), 18px);\">Des lieux accessibles en transports en commun<\/li>\n\n\n\n<li style=\"font-size:clamp(14px, 0.875rem + ((1vw - 3.2px) * 0.313), 18px);\">Des prestataires locaux<\/li>\n\n\n\n<li style=\"font-size:clamp(14px, 0.875rem + ((1vw - 3.2px) * 0.313), 18px);\">Des solutions de mobilit\u00e9 douce<\/li>\n\n\n\n<li style=\"font-size:clamp(14px, 0.875rem + ((1vw - 3.2px) * 0.313), 18px);\">Des formats hybrides ou digitaux<\/li>\n<\/ul>\n\n\n\n<figure class=\"wp-block-image size-large is-resized\"><img fetchpriority=\"high\" decoding=\"async\" width=\"1024\" height=\"576\" src=\"https:\/\/bdstim.com\/site\/wp-content\/uploads\/2026\/02\/evenementiel-durable-2-1024x576.png\" alt=\"\u00e9v\u00e8nementiel durable\" class=\"wp-image-6828\" style=\"width:367px;height:auto\" srcset=\"https:\/\/bdstim.com\/site\/wp-content\/uploads\/2026\/02\/evenementiel-durable-2-1024x576.png 1024w, https:\/\/bdstim.com\/site\/wp-content\/uploads\/2026\/02\/evenementiel-durable-2-300x169.png 300w, https:\/\/bdstim.com\/site\/wp-content\/uploads\/2026\/02\/evenementiel-durable-2-768x432.png 768w, https:\/\/bdstim.com\/site\/wp-content\/uploads\/2026\/02\/evenementiel-durable-2-1536x864.png 1536w, https:\/\/bdstim.com\/site\/wp-content\/uploads\/2026\/02\/evenementiel-durable-2.png 1920w\" sizes=\"(max-width: 1024px) 100vw, 1024px\" \/><\/figure>\n\n\n\n<h3 class=\"wp-block-heading\" style=\"font-size:clamp(14px, 0.875rem + ((1vw - 3.2px) * 0.313), 18px);\"><strong>\u267b\ufe0f Gestion responsable des d\u00e9chets<\/strong><\/h3>\n\n\n\n<p style=\"font-size:clamp(14px, 0.875rem + ((1vw - 3.2px) * 0.313), 18px);\">La suppression du plastique \u00e0 usage unique et la mise en place du tri s\u00e9lectif sont devenues des standards. De plus en plus d&rsquo;\u00e9v\u00e8nements visent le z\u00e9ro d\u00e9chet. <\/p>\n\n\n\n<h3 class=\"wp-block-heading\" style=\"font-size:clamp(14px, 0.875rem + ((1vw - 3.2px) * 0.313), 18px);\">\ud83e\udd57 <strong>Restauration durable<\/strong><\/h3>\n\n\n\n<p style=\"font-size:clamp(14px, 0.875rem + ((1vw - 3.2px) * 0.313), 18px);\">Les traiteurs proposent davantage de menus v\u00e9g\u00e9tariens, locaux et de saison afin de limiter l&rsquo;impact environnemental. <\/p>\n\n\n\n<figure class=\"wp-block-image size-large is-resized\"><img decoding=\"async\" width=\"1024\" height=\"576\" src=\"https:\/\/bdstim.com\/site\/wp-content\/uploads\/2026\/02\/evenementiel-durable-image-3-1024x576.png\" alt=\"\u00e9v\u00e8nementiel durable\" class=\"wp-image-6829\" style=\"width:258px;height:auto\" srcset=\"https:\/\/bdstim.com\/site\/wp-content\/uploads\/2026\/02\/evenementiel-durable-image-3-1024x576.png 1024w, https:\/\/bdstim.com\/site\/wp-content\/uploads\/2026\/02\/evenementiel-durable-image-3-300x169.png 300w, https:\/\/bdstim.com\/site\/wp-content\/uploads\/2026\/02\/evenementiel-durable-image-3-768x432.png 768w, https:\/\/bdstim.com\/site\/wp-content\/uploads\/2026\/02\/evenementiel-durable-image-3-1536x864.png 1536w, https:\/\/bdstim.com\/site\/wp-content\/uploads\/2026\/02\/evenementiel-durable-image-3.png 1920w\" sizes=\"(max-width: 1024px) 100vw, 1024px\" \/><\/figure>\n\n\n\n<h3 class=\"wp-block-heading\" style=\"font-size:clamp(14px, 0.875rem + ((1vw - 3.2px) * 0.313), 18px);\">\ud83d\udccf<strong> Mesure de l&rsquo;impact<\/strong><\/h3>\n\n\n\n<p style=\"font-size:clamp(14px, 0.875rem + ((1vw - 3.2px) * 0.313), 18px);\">Les outils de calcul carbone se d\u00e9mocratisent, permettant d&rsquo;\u00e9valuer pr\u00e9cis\u00e9ment l&#8217;empreinte d&rsquo;un \u00e9v\u00e8nement et d&rsquo;identifier des axes d&rsquo;am\u00e9lioration. <\/p>\n\n\n\n<h2 class=\"wp-block-heading has-medium-font-size\"><strong>Quels b\u00e9n\u00e9fices pour les organisateurs d&rsquo;\u00e9v\u00e8nements ?<\/strong><\/h2>\n\n\n\n<p style=\"font-size:clamp(14px, 0.875rem + ((1vw - 3.2px) * 0.313), 18px);\">Mettre en place une strat\u00e9gie durable permet de : <\/p>\n\n\n\n<ul class=\"wp-block-list\">\n<li style=\"font-size:clamp(14px, 0.875rem + ((1vw - 3.2px) * 0.313), 18px);\">R\u00e9duire les co\u00fbts \u00e0 long terme (moins de gaspillage)<\/li>\n\n\n\n<li style=\"font-size:clamp(14px, 0.875rem + ((1vw - 3.2px) * 0.313), 18px);\">Am\u00e9liorer la r\u00e9putation de l&rsquo;entreprise<\/li>\n\n\n\n<li style=\"font-size:clamp(14px, 0.875rem + ((1vw - 3.2px) * 0.313), 18px);\">R\u00e9pondre aux exigences r\u00e9glementaires croissantes<\/li>\n\n\n\n<li style=\"font-size:clamp(14px, 0.875rem + ((1vw - 3.2px) * 0.313), 18px);\">Attirer des partenaires engag\u00e9s<\/li>\n<\/ul>\n\n\n\n<h2 class=\"wp-block-heading has-medium-font-size\"><strong>Comment rendre un \u00e9v\u00e8nement plus \u00e9co-responsable ? <\/strong><\/h2>\n\n\n\n<p style=\"font-size:clamp(14px, 0.875rem + ((1vw - 3.2px) * 0.313), 18px);\">Voici quelques actions concr\u00e8tes \u00e0 mettre en place : <\/p>\n\n\n\n<ol class=\"wp-block-list\">\n<li style=\"font-size:clamp(14px, 0.875rem + ((1vw - 3.2px) * 0.313), 18px);\">Choisir un lieu certifi\u00e9 ou engag\u00e9 dans une d\u00e9marche environnementale<\/li>\n\n\n\n<li style=\"font-size:clamp(14px, 0.875rem + ((1vw - 3.2px) * 0.313), 18px);\">Limiter les supports imprim\u00e9s au profit du digital<\/li>\n\n\n\n<li style=\"font-size:clamp(14px, 0.875rem + ((1vw - 3.2px) * 0.313), 18px);\">Favoriser des fournisseurs locaux<\/li>\n\n\n\n<li style=\"font-size:clamp(14px, 0.875rem + ((1vw - 3.2px) * 0.313), 18px);\">Mettre en place un syst\u00e8me de tri et de recyclage<\/li>\n\n\n\n<li style=\"font-size:clamp(14px, 0.875rem + ((1vw - 3.2px) * 0.313), 18px);\">Sensibiliser les participants<\/li>\n<\/ol>\n\n\n\n<h3 class=\"wp-block-heading has-medium-font-size\">FAQ &#8211; \u00c9v\u00e8nementiel durable<\/h3>\n\n\n\n<h3 class=\"wp-block-heading\" style=\"font-size:clamp(14px, 0.875rem + ((1vw - 3.2px) * 0.469), 20px);\">Qu&rsquo;est ce qu&rsquo;un \u00e9v\u00e8nement \u00e9coresponsable ? <\/h3>\n\n\n\n<p style=\"font-size:clamp(14px, 0.875rem + ((1vw - 3.2px) * 0.313), 18px);\">Un \u00e9v\u00e8nement \u00e9coresponsable est con\u00e7u pour r\u00e9duire son impact environnemental tout en maximisant ses retomb\u00e9es sociales et \u00e9conomiques positives. <\/p>\n\n\n\n<h3 class=\"wp-block-heading has-medium-font-size\"><strong>Pourquoi organiser un \u00e9v\u00e8nement durable ? <\/strong><\/h3>\n\n\n\n<p style=\"font-size:clamp(14px, 0.875rem + ((1vw - 3.2px) * 0.313), 18px);\">Cela permet de r\u00e9duire l&#8217;empreinte carbone, r\u00e9pondre aux attentes des parties prenantes et am\u00e9liorer l&rsquo;image de marque. <\/p>\n\n\n\n<h3 class=\"wp-block-heading has-medium-font-size\">Quels sont les principaux impacts environnementaux d&rsquo;un \u00e9v\u00e8nement ? <\/h3>\n\n\n\n<p style=\"font-size:clamp(14px, 0.875rem + ((1vw - 3.2px) * 0.313), 18px);\">Les transports, la restauration, la consommation d&rsquo;\u00e9nergie et la production de d\u00e9chets repr\u00e9sentent les principaux postes d&rsquo;impact. <\/p>\n\n\n\n<h2 class=\"wp-block-heading has-large-font-size\"><strong>Conclusion<\/strong><\/h2>\n\n\n\n<p style=\"font-size:clamp(14px, 0.875rem + ((1vw - 3.2px) * 0.313), 18px);\">En 2026, l&rsquo;\u00e9v\u00e8nementiel durable s&rsquo;impose comme un standard incontournable. Plus qu&rsquo;une tendance, il s&rsquo;agit d&rsquo;une transformation profonde du secteur, qui ouvre la voie \u00e0 des \u00e9v\u00e8nements plus responsables, innovants et align\u00e9s avec les enjeux environnementaux actuels. <\/p>\n\n\n\n<h3 class=\"wp-block-heading has-palette-color-1-color has-text-color has-link-color wp-elements-51b7168f1352fe8fc5aab799be1dd02e\" style=\"font-size:clamp(14px, 0.875rem + ((1vw - 3.2px) * 0.313), 18px);\"><a href=\"https:\/\/bdstim.com\/site\/nous-contacter\/\">Contactez-nous !<\/a><\/h3>\n\n\n\n<p><\/p>\n","protected":false},"excerpt":{"rendered":"<p>Face aux enjeux environnementaux et aux nouvelles attentes des entreprises, l&rsquo;\u00e9v\u00e8nementiel durable s&rsquo;impose comme une priorit\u00e9 en 2026. Entre r\u00e9duction de l&#8217;empreinte carbone, choix de prestataires responsables et nouvelles pratiques d&rsquo;organisation, le secteur se transforme en profondeur pour proposer des exp\u00e9riences \u00e0 la fois impactantes et responsables. <\/p>\n","protected":false},"author":1,"featured_media":6827,"comment_status":"open","ping_status":"open","sticky":false,"template":"","format":"standard","meta":{"_acf_changed":false,"footnotes":""},"categories":[1],"tags":[],"class_list":["post-6826","post","type-post","status-publish","format-standard","has-post-thumbnail","hentry","category-articles-de-notre-blog"],"blocksy_meta":[],"acf":[],"yoast_head":"<!-- This site is optimized with the Yoast SEO plugin v27.2 - https:\/\/yoast.com\/product\/yoast-seo-wordpress\/ -->\n<title>\ud83c\udf31 L&#039;\u00e9v\u00e8nementiel durable en 2026 : une tendance devenue incontournable pour les organisateurs - Boulevard de la Stim<\/title>\n<meta name=\"description\" content=\"Pourquoi l&#039;\u00e9v\u00e8nementiel durable s&#039;impose en 2026 : tendances, enjeux et bonnes pratiques pour organiser des \u00e9v\u00e8nements \u00e9coresponsables.\" \/>\n<meta name=\"robots\" content=\"index, follow, max-snippet:-1, max-image-preview:large, max-video-preview:-1\" \/>\n<link rel=\"canonical\" href=\"https:\/\/bdstim.com\/site\/articles-de-notre-blog\/evenementiel-durable-tendance-2026\/\" \/>\n<meta property=\"og:locale\" content=\"fr_FR\" \/>\n<meta property=\"og:type\" content=\"article\" \/>\n<meta property=\"og:title\" content=\"\ud83c\udf31 L&#039;\u00e9v\u00e8nementiel durable en 2026 : une tendance devenue incontournable pour les organisateurs - Boulevard de la Stim\" \/>\n<meta property=\"og:description\" content=\"Pourquoi l&#039;\u00e9v\u00e8nementiel durable s&#039;impose en 2026 : tendances, enjeux et bonnes pratiques pour organiser des \u00e9v\u00e8nements \u00e9coresponsables.\" \/>\n<meta property=\"og:url\" content=\"https:\/\/bdstim.com\/site\/articles-de-notre-blog\/evenementiel-durable-tendance-2026\/\" \/>\n<meta property=\"og:site_name\" content=\"Boulevard de la Stim\" \/>\n<meta property=\"article:published_time\" content=\"2026-02-23T14:57:39+00:00\" \/>\n<meta property=\"article:modified_time\" content=\"2026-02-23T15:09:10+00:00\" \/>\n<meta property=\"og:image\" content=\"https:\/\/bdstim.com\/site\/wp-content\/uploads\/2026\/02\/evenementiel-durable-image-1-1024x576.png\" \/>\n\t<meta property=\"og:image:width\" content=\"1024\" \/>\n\t<meta property=\"og:image:height\" content=\"576\" \/>\n\t<meta property=\"og:image:type\" content=\"image\/png\" \/>\n<meta name=\"author\" content=\"admin-bdst2024\" \/>\n<meta name=\"twitter:card\" content=\"summary_large_image\" \/>\n<meta name=\"twitter:label1\" content=\"\u00c9crit par\" \/>\n\t<meta name=\"twitter:data1\" content=\"admin-bdst2024\" \/>\n\t<meta name=\"twitter:label2\" content=\"Dur\u00e9e de lecture estim\u00e9e\" \/>\n\t<meta name=\"twitter:data2\" content=\"4 minutes\" \/>\n<script type=\"application\/ld+json\" class=\"yoast-schema-graph\">{\"@context\":\"https:\/\/schema.org\",\"@graph\":[{\"@type\":\"Article\",\"@id\":\"https:\/\/bdstim.com\/site\/articles-de-notre-blog\/evenementiel-durable-tendance-2026\/#article\",\"isPartOf\":{\"@id\":\"https:\/\/bdstim.com\/site\/articles-de-notre-blog\/evenementiel-durable-tendance-2026\/\"},\"author\":{\"name\":\"admin-bdst2024\",\"@id\":\"https:\/\/bdstim.com\/site\/#\/schema\/person\/bf78af2dfe382132e92b075980078d0f\"},\"headline\":\"\ud83c\udf31 L&rsquo;\u00e9v\u00e8nementiel durable en 2026 : une tendance devenue incontournable pour les organisateurs\",\"datePublished\":\"2026-02-23T14:57:39+00:00\",\"dateModified\":\"2026-02-23T15:09:10+00:00\",\"mainEntityOfPage\":{\"@id\":\"https:\/\/bdstim.com\/site\/articles-de-notre-blog\/evenementiel-durable-tendance-2026\/\"},\"wordCount\":621,\"commentCount\":0,\"publisher\":{\"@id\":\"https:\/\/bdstim.com\/site\/#organization\"},\"image\":{\"@id\":\"https:\/\/bdstim.com\/site\/articles-de-notre-blog\/evenementiel-durable-tendance-2026\/#primaryimage\"},\"thumbnailUrl\":\"https:\/\/bdstim.com\/site\/wp-content\/uploads\/2026\/02\/evenementiel-durable-image-1.png\",\"articleSection\":[\"Blog\"],\"inLanguage\":\"fr-FR\",\"potentialAction\":[{\"@type\":\"CommentAction\",\"name\":\"Comment\",\"target\":[\"https:\/\/bdstim.com\/site\/articles-de-notre-blog\/evenementiel-durable-tendance-2026\/#respond\"]}]},{\"@type\":\"WebPage\",\"@id\":\"https:\/\/bdstim.com\/site\/articles-de-notre-blog\/evenementiel-durable-tendance-2026\/\",\"url\":\"https:\/\/bdstim.com\/site\/articles-de-notre-blog\/evenementiel-durable-tendance-2026\/\",\"name\":\"\ud83c\udf31 L'\u00e9v\u00e8nementiel durable en 2026 : une tendance devenue incontournable pour les organisateurs - Boulevard de la Stim\",\"isPartOf\":{\"@id\":\"https:\/\/bdstim.com\/site\/#website\"},\"primaryImageOfPage\":{\"@id\":\"https:\/\/bdstim.com\/site\/articles-de-notre-blog\/evenementiel-durable-tendance-2026\/#primaryimage\"},\"image\":{\"@id\":\"https:\/\/bdstim.com\/site\/articles-de-notre-blog\/evenementiel-durable-tendance-2026\/#primaryimage\"},\"thumbnailUrl\":\"https:\/\/bdstim.com\/site\/wp-content\/uploads\/2026\/02\/evenementiel-durable-image-1.png\",\"datePublished\":\"2026-02-23T14:57:39+00:00\",\"dateModified\":\"2026-02-23T15:09:10+00:00\",\"description\":\"Pourquoi l'\u00e9v\u00e8nementiel durable s'impose en 2026 : tendances, enjeux et bonnes pratiques pour organiser des \u00e9v\u00e8nements \u00e9coresponsables.\",\"breadcrumb\":{\"@id\":\"https:\/\/bdstim.com\/site\/articles-de-notre-blog\/evenementiel-durable-tendance-2026\/#breadcrumb\"},\"inLanguage\":\"fr-FR\",\"potentialAction\":[{\"@type\":\"ReadAction\",\"target\":[\"https:\/\/bdstim.com\/site\/articles-de-notre-blog\/evenementiel-durable-tendance-2026\/\"]}]},{\"@type\":\"ImageObject\",\"inLanguage\":\"fr-FR\",\"@id\":\"https:\/\/bdstim.com\/site\/articles-de-notre-blog\/evenementiel-durable-tendance-2026\/#primaryimage\",\"url\":\"https:\/\/bdstim.com\/site\/wp-content\/uploads\/2026\/02\/evenementiel-durable-image-1.png\",\"contentUrl\":\"https:\/\/bdstim.com\/site\/wp-content\/uploads\/2026\/02\/evenementiel-durable-image-1.png\",\"width\":1920,\"height\":1080,\"caption\":\"\u00e9v\u00e8nementiel durable\"},{\"@type\":\"BreadcrumbList\",\"@id\":\"https:\/\/bdstim.com\/site\/articles-de-notre-blog\/evenementiel-durable-tendance-2026\/#breadcrumb\",\"itemListElement\":[{\"@type\":\"ListItem\",\"position\":1,\"name\":\"Accueil\",\"item\":\"https:\/\/bdstim.com\/site\/\"},{\"@type\":\"ListItem\",\"position\":2,\"name\":\"\ud83c\udf31 L&rsquo;\u00e9v\u00e8nementiel durable en 2026 : une tendance devenue incontournable pour les organisateurs\"}]},{\"@type\":\"WebSite\",\"@id\":\"https:\/\/bdstim.com\/site\/#website\",\"url\":\"https:\/\/bdstim.com\/site\/\",\"name\":\"BDSTIM\",\"description\":\"Agence conseil en communication \u00e9v\u00e9nementielle\",\"publisher\":{\"@id\":\"https:\/\/bdstim.com\/site\/#organization\"},\"potentialAction\":[{\"@type\":\"SearchAction\",\"target\":{\"@type\":\"EntryPoint\",\"urlTemplate\":\"https:\/\/bdstim.com\/site\/?s={search_term_string}\"},\"query-input\":{\"@type\":\"PropertyValueSpecification\",\"valueRequired\":true,\"valueName\":\"search_term_string\"}}],\"inLanguage\":\"fr-FR\"},{\"@type\":\"Organization\",\"@id\":\"https:\/\/bdstim.com\/site\/#organization\",\"name\":\"BDSTIM\",\"url\":\"https:\/\/bdstim.com\/site\/\",\"logo\":{\"@type\":\"ImageObject\",\"inLanguage\":\"fr-FR\",\"@id\":\"https:\/\/bdstim.com\/site\/#\/schema\/logo\/image\/\",\"url\":\"https:\/\/bdstim.com\/site\/wp-content\/uploads\/2024\/11\/Logo-BDS.png\",\"contentUrl\":\"https:\/\/bdstim.com\/site\/wp-content\/uploads\/2024\/11\/Logo-BDS.png\",\"width\":2164,\"height\":760,\"caption\":\"BDSTIM\"},\"image\":{\"@id\":\"https:\/\/bdstim.com\/site\/#\/schema\/logo\/image\/\"},\"sameAs\":[\"https:\/\/www.linkedin.com\/company\/boulevard-de-la-stim\/?originalSubdomain=fr\"]},{\"@type\":\"Person\",\"@id\":\"https:\/\/bdstim.com\/site\/#\/schema\/person\/bf78af2dfe382132e92b075980078d0f\",\"name\":\"admin-bdst2024\",\"image\":{\"@type\":\"ImageObject\",\"inLanguage\":\"fr-FR\",\"@id\":\"https:\/\/secure.gravatar.com\/avatar\/2133b740297d528f01beb291d3e67d9f421c1d16b26b4550c1b5522872deb75c?s=96&d=mm&r=g\",\"url\":\"https:\/\/secure.gravatar.com\/avatar\/2133b740297d528f01beb291d3e67d9f421c1d16b26b4550c1b5522872deb75c?s=96&d=mm&r=g\",\"contentUrl\":\"https:\/\/secure.gravatar.com\/avatar\/2133b740297d528f01beb291d3e67d9f421c1d16b26b4550c1b5522872deb75c?s=96&d=mm&r=g\",\"caption\":\"admin-bdst2024\"},\"sameAs\":[\"https:\/\/bdstim.com\/site\"],\"url\":\"https:\/\/bdstim.com\/site\/author\/admin-bdst2024\/\"}]}<\/script>\n<!-- \/ Yoast SEO plugin. -->","yoast_head_json":{"title":"\ud83c\udf31 L'\u00e9v\u00e8nementiel durable en 2026 : une tendance devenue incontournable pour les organisateurs - Boulevard de la Stim","description":"Pourquoi l'\u00e9v\u00e8nementiel durable s'impose en 2026 : tendances, enjeux et bonnes pratiques pour organiser des \u00e9v\u00e8nements \u00e9coresponsables.","robots":{"index":"index","follow":"follow","max-snippet":"max-snippet:-1","max-image-preview":"max-image-preview:large","max-video-preview":"max-video-preview:-1"},"canonical":"https:\/\/bdstim.com\/site\/articles-de-notre-blog\/evenementiel-durable-tendance-2026\/","og_locale":"fr_FR","og_type":"article","og_title":"\ud83c\udf31 L'\u00e9v\u00e8nementiel durable en 2026 : une tendance devenue incontournable pour les organisateurs - Boulevard de la Stim","og_description":"Pourquoi l'\u00e9v\u00e8nementiel durable s'impose en 2026 : tendances, enjeux et bonnes pratiques pour organiser des \u00e9v\u00e8nements \u00e9coresponsables.","og_url":"https:\/\/bdstim.com\/site\/articles-de-notre-blog\/evenementiel-durable-tendance-2026\/","og_site_name":"Boulevard de la Stim","article_published_time":"2026-02-23T14:57:39+00:00","article_modified_time":"2026-02-23T15:09:10+00:00","og_image":[{"width":1024,"height":576,"url":"https:\/\/bdstim.com\/site\/wp-content\/uploads\/2026\/02\/evenementiel-durable-image-1-1024x576.png","type":"image\/png"}],"author":"admin-bdst2024","twitter_card":"summary_large_image","twitter_misc":{"\u00c9crit par":"admin-bdst2024","Dur\u00e9e de lecture estim\u00e9e":"4 minutes"},"schema":{"@context":"https:\/\/schema.org","@graph":[{"@type":"Article","@id":"https:\/\/bdstim.com\/site\/articles-de-notre-blog\/evenementiel-durable-tendance-2026\/#article","isPartOf":{"@id":"https:\/\/bdstim.com\/site\/articles-de-notre-blog\/evenementiel-durable-tendance-2026\/"},"author":{"name":"admin-bdst2024","@id":"https:\/\/bdstim.com\/site\/#\/schema\/person\/bf78af2dfe382132e92b075980078d0f"},"headline":"\ud83c\udf31 L&rsquo;\u00e9v\u00e8nementiel durable en 2026 : une tendance devenue incontournable pour les organisateurs","datePublished":"2026-02-23T14:57:39+00:00","dateModified":"2026-02-23T15:09:10+00:00","mainEntityOfPage":{"@id":"https:\/\/bdstim.com\/site\/articles-de-notre-blog\/evenementiel-durable-tendance-2026\/"},"wordCount":621,"commentCount":0,"publisher":{"@id":"https:\/\/bdstim.com\/site\/#organization"},"image":{"@id":"https:\/\/bdstim.com\/site\/articles-de-notre-blog\/evenementiel-durable-tendance-2026\/#primaryimage"},"thumbnailUrl":"https:\/\/bdstim.com\/site\/wp-content\/uploads\/2026\/02\/evenementiel-durable-image-1.png","articleSection":["Blog"],"inLanguage":"fr-FR","potentialAction":[{"@type":"CommentAction","name":"Comment","target":["https:\/\/bdstim.com\/site\/articles-de-notre-blog\/evenementiel-durable-tendance-2026\/#respond"]}]},{"@type":"WebPage","@id":"https:\/\/bdstim.com\/site\/articles-de-notre-blog\/evenementiel-durable-tendance-2026\/","url":"https:\/\/bdstim.com\/site\/articles-de-notre-blog\/evenementiel-durable-tendance-2026\/","name":"\ud83c\udf31 L'\u00e9v\u00e8nementiel durable en 2026 : une tendance devenue incontournable pour les organisateurs - Boulevard de la Stim","isPartOf":{"@id":"https:\/\/bdstim.com\/site\/#website"},"primaryImageOfPage":{"@id":"https:\/\/bdstim.com\/site\/articles-de-notre-blog\/evenementiel-durable-tendance-2026\/#primaryimage"},"image":{"@id":"https:\/\/bdstim.com\/site\/articles-de-notre-blog\/evenementiel-durable-tendance-2026\/#primaryimage"},"thumbnailUrl":"https:\/\/bdstim.com\/site\/wp-content\/uploads\/2026\/02\/evenementiel-durable-image-1.png","datePublished":"2026-02-23T14:57:39+00:00","dateModified":"2026-02-23T15:09:10+00:00","description":"Pourquoi l'\u00e9v\u00e8nementiel durable s'impose en 2026 : tendances, enjeux et bonnes pratiques pour organiser des \u00e9v\u00e8nements \u00e9coresponsables.","breadcrumb":{"@id":"https:\/\/bdstim.com\/site\/articles-de-notre-blog\/evenementiel-durable-tendance-2026\/#breadcrumb"},"inLanguage":"fr-FR","potentialAction":[{"@type":"ReadAction","target":["https:\/\/bdstim.com\/site\/articles-de-notre-blog\/evenementiel-durable-tendance-2026\/"]}]},{"@type":"ImageObject","inLanguage":"fr-FR","@id":"https:\/\/bdstim.com\/site\/articles-de-notre-blog\/evenementiel-durable-tendance-2026\/#primaryimage","url":"https:\/\/bdstim.com\/site\/wp-content\/uploads\/2026\/02\/evenementiel-durable-image-1.png","contentUrl":"https:\/\/bdstim.com\/site\/wp-content\/uploads\/2026\/02\/evenementiel-durable-image-1.png","width":1920,"height":1080,"caption":"\u00e9v\u00e8nementiel durable"},{"@type":"BreadcrumbList","@id":"https:\/\/bdstim.com\/site\/articles-de-notre-blog\/evenementiel-durable-tendance-2026\/#breadcrumb","itemListElement":[{"@type":"ListItem","position":1,"name":"Accueil","item":"https:\/\/bdstim.com\/site\/"},{"@type":"ListItem","position":2,"name":"\ud83c\udf31 L&rsquo;\u00e9v\u00e8nementiel durable en 2026 : une tendance devenue incontournable pour les organisateurs"}]},{"@type":"WebSite","@id":"https:\/\/bdstim.com\/site\/#website","url":"https:\/\/bdstim.com\/site\/","name":"BDSTIM","description":"Agence conseil en communication \u00e9v\u00e9nementielle","publisher":{"@id":"https:\/\/bdstim.com\/site\/#organization"},"potentialAction":[{"@type":"SearchAction","target":{"@type":"EntryPoint","urlTemplate":"https:\/\/bdstim.com\/site\/?s={search_term_string}"},"query-input":{"@type":"PropertyValueSpecification","valueRequired":true,"valueName":"search_term_string"}}],"inLanguage":"fr-FR"},{"@type":"Organization","@id":"https:\/\/bdstim.com\/site\/#organization","name":"BDSTIM","url":"https:\/\/bdstim.com\/site\/","logo":{"@type":"ImageObject","inLanguage":"fr-FR","@id":"https:\/\/bdstim.com\/site\/#\/schema\/logo\/image\/","url":"https:\/\/bdstim.com\/site\/wp-content\/uploads\/2024\/11\/Logo-BDS.png","contentUrl":"https:\/\/bdstim.com\/site\/wp-content\/uploads\/2024\/11\/Logo-BDS.png","width":2164,"height":760,"caption":"BDSTIM"},"image":{"@id":"https:\/\/bdstim.com\/site\/#\/schema\/logo\/image\/"},"sameAs":["https:\/\/www.linkedin.com\/company\/boulevard-de-la-stim\/?originalSubdomain=fr"]},{"@type":"Person","@id":"https:\/\/bdstim.com\/site\/#\/schema\/person\/bf78af2dfe382132e92b075980078d0f","name":"admin-bdst2024","image":{"@type":"ImageObject","inLanguage":"fr-FR","@id":"https:\/\/secure.gravatar.com\/avatar\/2133b740297d528f01beb291d3e67d9f421c1d16b26b4550c1b5522872deb75c?s=96&d=mm&r=g","url":"https:\/\/secure.gravatar.com\/avatar\/2133b740297d528f01beb291d3e67d9f421c1d16b26b4550c1b5522872deb75c?s=96&d=mm&r=g","contentUrl":"https:\/\/secure.gravatar.com\/avatar\/2133b740297d528f01beb291d3e67d9f421c1d16b26b4550c1b5522872deb75c?s=96&d=mm&r=g","caption":"admin-bdst2024"},"sameAs":["https:\/\/bdstim.com\/site"],"url":"https:\/\/bdstim.com\/site\/author\/admin-bdst2024\/"}]}},"_links":{"self":[{"href":"https:\/\/bdstim.com\/site\/wp-json\/wp\/v2\/posts\/6826","targetHints":{"allow":["GET"]}}],"collection":[{"href":"https:\/\/bdstim.com\/site\/wp-json\/wp\/v2\/posts"}],"about":[{"href":"https:\/\/bdstim.com\/site\/wp-json\/wp\/v2\/types\/post"}],"author":[{"embeddable":true,"href":"https:\/\/bdstim.com\/site\/wp-json\/wp\/v2\/users\/1"}],"replies":[{"embeddable":true,"href":"https:\/\/bdstim.com\/site\/wp-json\/wp\/v2\/comments?post=6826"}],"version-history":[{"count":3,"href":"https:\/\/bdstim.com\/site\/wp-json\/wp\/v2\/posts\/6826\/revisions"}],"predecessor-version":[{"id":6835,"href":"https:\/\/bdstim.com\/site\/wp-json\/wp\/v2\/posts\/6826\/revisions\/6835"}],"wp:featuredmedia":[{"embeddable":true,"href":"https:\/\/bdstim.com\/site\/wp-json\/wp\/v2\/media\/6827"}],"wp:attachment":[{"href":"https:\/\/bdstim.com\/site\/wp-json\/wp\/v2\/media?parent=6826"}],"wp:term":[{"taxonomy":"category","embeddable":true,"href":"https:\/\/bdstim.com\/site\/wp-json\/wp\/v2\/categories?post=6826"},{"taxonomy":"post_tag","embeddable":true,"href":"https:\/\/bdstim.com\/site\/wp-json\/wp\/v2\/tags?post=6826"}],"curies":[{"name":"wp","href":"https:\/\/api.w.org\/{rel}","templated":true}]}}